{"id":678,"date":"2020-12-10T10:49:34","date_gmt":"2020-12-10T09:49:34","guid":{"rendered":"https:\/\/les-egle.fr\/?p=678"},"modified":"2023-03-06T20:58:30","modified_gmt":"2023-03-06T19:58:30","slug":"synthese-du-livre-blanc","status":"publish","type":"post","link":"https:\/\/lesegles.org\/?p=678","title":{"rendered":"Synth\u00e8se du livre blanc"},"content":{"rendered":"\n<p>Le livre blanc des \u00e9tats g\u00e9n\u00e9raux de la libert\u00e9 \u00e9ducative, dont le pr\u00e9sent texte est une synth\u00e8se, est le fruit de r\u00e9flexions communes pouss\u00e9es, r\u00e9solument tourn\u00e9es vers l\u2019enfant. Elles sont issues de discussions engageant enfants et adultes, parents, \u00e9ducateurs, repr\u00e9sentants de la soci\u00e9t\u00e9 civile, chercheurs, anthropologues, philosophes, sociologues.<\/p>\n\n\n\n<div class=\"wp-block-file\"><a href=\"https:\/\/lesegles.org\/wp-content\/uploads\/2020\/12\/Synthese-du-livre-blanc.pdf\">Synthese-du-livre-blanc<\/a><a href=\"https:\/\/lesegles.org\/wp-content\/uploads\/2020\/12\/Synthese-du-livre-blanc.pdf\" class=\"wp-block-file__button\" download>T\u00e9l\u00e9charger<\/a><\/div>\n\n\n\n<figure class=\"wp-block-image size-large\"><img loading=\"lazy\" width=\"1024\" height=\"683\" src=\"https:\/\/les-egle.fr\/wp-content\/uploads\/2020\/11\/jpgg-1024x683.jpg\" alt=\"\" class=\"wp-image-178\" srcset=\"https:\/\/lesegles.org\/wp-content\/uploads\/2020\/11\/jpgg-1024x683.jpg 1024w, https:\/\/lesegles.org\/wp-content\/uploads\/2020\/11\/jpgg-300x200.jpg 300w, https:\/\/lesegles.org\/wp-content\/uploads\/2020\/11\/jpgg-768x512.jpg 768w, https:\/\/lesegles.org\/wp-content\/uploads\/2020\/11\/jpgg.jpg 1152w\" sizes=\"(max-width: 767px) 89vw, (max-width: 1000px) 54vw, (max-width: 1071px) 543px, 580px\" \/><\/figure>\n","protected":false},"excerpt":{"rendered":"<p>Le livre blanc des \u00e9tats g\u00e9n\u00e9raux de la libert\u00e9 \u00e9ducative, dont le pr\u00e9sent texte est une synth\u00e8se, est le fruit de r\u00e9flexions communes pouss\u00e9es, r\u00e9solument tourn\u00e9es vers l\u2019enfant. Elles sont issues de discussions engageant enfants et adultes, parents, \u00e9ducateurs, repr\u00e9sentants de la soci\u00e9t\u00e9 civile, chercheurs, anthropologues, philosophes, sociologues.<\/p>\n","protected":false},"author":1,"featured_media":0,"comment_status":"closed","ping_status":"open","sticky":false,"template":"","format":"standard","meta":[],"categories":[9],"tags":[],"_links":{"self":[{"href":"https:\/\/lesegles.org\/index.php?rest_route=\/wp\/v2\/posts\/678"}],"collection":[{"href":"https:\/\/lesegles.org\/index.php?rest_route=\/wp\/v2\/posts"}],"about":[{"href":"https:\/\/lesegles.org\/index.php?rest_route=\/wp\/v2\/types\/post"}],"author":[{"embeddable":true,"href":"https:\/\/lesegles.org\/index.php?rest_route=\/wp\/v2\/users\/1"}],"replies":[{"embeddable":true,"href":"https:\/\/lesegles.org\/index.php?rest_route=%2Fwp%2Fv2%2Fcomments&post=678"}],"version-history":[{"count":4,"href":"https:\/\/lesegles.org\/index.php?rest_route=\/wp\/v2\/posts\/678\/revisions"}],"predecessor-version":[{"id":699,"href":"https:\/\/lesegles.org\/index.php?rest_route=\/wp\/v2\/posts\/678\/revisions\/699"}],"wp:attachment":[{"href":"https:\/\/lesegles.org\/index.php?rest_route=%2Fwp%2Fv2%2Fmedia&parent=678"}],"wp:term":[{"taxonomy":"category","embeddable":true,"href":"https:\/\/lesegles.org\/index.php?rest_route=%2Fwp%2Fv2%2Fcategories&post=678"},{"taxonomy":"post_tag","embeddable":true,"href":"https:\/\/lesegles.org\/index.php?rest_route=%2Fwp%2Fv2%2Ftags&post=678"}],"curies":[{"name":"wp","href":"https:\/\/api.w.org\/{rel}","templated":true}]}}