{"id":264,"date":"2020-10-02T23:33:00","date_gmt":"2020-10-02T21:33:00","guid":{"rendered":"https:\/\/les-egle.fr\/?p=264"},"modified":"2020-11-20T18:14:05","modified_gmt":"2020-11-20T17:14:05","slug":"qui-sommes-nous","status":"publish","type":"post","link":"https:\/\/lesegles.org\/?p=264","title":{"rendered":"Qui sommes-nous ?"},"content":{"rendered":"\n<p>Les <em>Etats G\u00e9n\u00e9raux de la Libert\u00e9 Educative<\/em> sont avant tout un collectif de chercheurs, enseignants, journalistes, parents, usagers du syst\u00e8me \u00e9ducatif, membres de la soci\u00e9t\u00e9 civile. En voici quelques membres fondateurs :<\/p>\n\n\n\n<div class=\"wp-block-image\"><figure class=\"aligncenter size-large is-resized\"><img loading=\"lazy\" src=\"https:\/\/les-egle.fr\/wp-content\/uploads\/2020\/11\/Daliborka-Milovanovic-803x1024.jpg\" alt=\"\" class=\"wp-image-259\" width=\"206\" height=\"262\" srcset=\"https:\/\/lesegles.org\/wp-content\/uploads\/2020\/11\/Daliborka-Milovanovic-803x1024.jpg 803w, https:\/\/lesegles.org\/wp-content\/uploads\/2020\/11\/Daliborka-Milovanovic-235x300.jpg 235w, https:\/\/lesegles.org\/wp-content\/uploads\/2020\/11\/Daliborka-Milovanovic-768x979.jpg 768w, https:\/\/lesegles.org\/wp-content\/uploads\/2020\/11\/Daliborka-Milovanovic-1204x1536.jpg 1204w, https:\/\/lesegles.org\/wp-content\/uploads\/2020\/11\/Daliborka-Milovanovic-1606x2048.jpg 1606w, https:\/\/lesegles.org\/wp-content\/uploads\/2020\/11\/Daliborka-Milovanovic.jpg 1976w\" sizes=\"(max-width: 206px) 100vw, 206px\" \/><figcaption><strong>Daliborka Milovanovic<\/strong><\/figcaption><\/figure><\/div>\n\n\n\n<p><strong>Daliborka Milovanovic<\/strong><br><a rel=\"noreferrer noopener\" target=\"_blank\" href=\"https:\/\/lehetremyriadis.fr\/\">\u00c9ditrice<\/a>, journaliste, <a rel=\"noreferrer noopener\" href=\"http:\/\/www.daliborka-milovanovic.fr\/\" target=\"_blank\">philosophe<\/a> et maman de quatre gar\u00e7ons.<\/p>\n\n\n\n<hr class=\"wp-block-separator\"\/>\n\n\n\n<div class=\"wp-block-image\"><figure class=\"aligncenter size-large is-resized\"><img loading=\"lazy\" src=\"https:\/\/les-egle.fr\/wp-content\/uploads\/2020\/11\/unnamed-2-685x1024.jpg\" alt=\"\" class=\"wp-image-255\" width=\"201\" height=\"300\" srcset=\"https:\/\/lesegles.org\/wp-content\/uploads\/2020\/11\/unnamed-2-685x1024.jpg 685w, https:\/\/lesegles.org\/wp-content\/uploads\/2020\/11\/unnamed-2-201x300.jpg 201w, https:\/\/lesegles.org\/wp-content\/uploads\/2020\/11\/unnamed-2-768x1147.jpg 768w, https:\/\/lesegles.org\/wp-content\/uploads\/2020\/11\/unnamed-2-1028x1536.jpg 1028w, https:\/\/lesegles.org\/wp-content\/uploads\/2020\/11\/unnamed-2-1371x2048.jpg 1371w, https:\/\/lesegles.org\/wp-content\/uploads\/2020\/11\/unnamed-2-scaled.jpg 1713w\" sizes=\"(max-width: 201px) 100vw, 201px\" \/><figcaption><strong>St\u00e9phanie Pollak<\/strong><\/figcaption><\/figure><\/div>\n\n\n\n<p><strong>St\u00e9phanie Pollak<\/strong><br>C\u00f4t\u00e9 professionnel, j&rsquo;ai un parcours dans le spectacle vivant, l&rsquo;audiovisuel et l&rsquo;\u00e9v\u00e9nementiel. J&rsquo;ai \u00e9galement \u00e9t\u00e9 animatrice Kapla en \u00e9cole \u00e9l\u00e9mentaire o\u00f9 j&rsquo;ai pu vivre la difficult\u00e9 d&rsquo;\u00eatre en relation non-autoritariste avec un groupe d&rsquo;enfants en milieu scolaire. En tant que parent et avec le p\u00e8re de nos enfants, nous avons d&rsquo;abord fait le choix d&rsquo;une instruction hors \u00e9cole pour eux. Nous souhaitions pr\u00e9server leur \u00e9lan spontan\u00e9, \u00e9vident d\u00e8s la naissance, \u00e0 observer, exp\u00e9rimenter, comprendre et apprendre. Plus grands, ils ont souhait\u00e9 vivre l&rsquo;exp\u00e9rience du coll\u00e8ge dans un cadre respectueux de leurs choix d&rsquo;apprentissage et celui de d\u00e9couvrir et s&rsquo;exercer \u00e0 plusieurs. Ce choix nous co\u00fbte un bras, et celui de la non-sco nous avait fait compl\u00e8tement r\u00e9organiser notre vie, mais l&rsquo;int\u00e9r\u00eat sup\u00e9rieur de nos enfants et leur \u00e9panouissement visible nous confortent dans ces d\u00e9cisions. Nous avons nous aussi beaucoup appris en suivant ce chemin.<\/p>\n\n\n\n<hr class=\"wp-block-separator\"\/>\n\n\n\n<div class=\"wp-block-image\"><figure class=\"aligncenter size-large is-resized\"><img loading=\"lazy\" src=\"https:\/\/les-egle.fr\/wp-content\/uploads\/2020\/11\/img_20190808_144118.png\" alt=\"\" class=\"wp-image-270\" width=\"204\" height=\"255\" srcset=\"https:\/\/lesegles.org\/wp-content\/uploads\/2020\/11\/img_20190808_144118.png 576w, https:\/\/lesegles.org\/wp-content\/uploads\/2020\/11\/img_20190808_144118-240x300.png 240w\" sizes=\"(max-width: 204px) 100vw, 204px\" \/><figcaption><strong>Sophie Baudry<\/strong><\/figcaption><\/figure><\/div>\n\n\n\n<p><strong>Sophie Baudry<\/strong><br>Je suis maman de 3 petites filles de 5, 7 et 9 ans en IEF. Militante pour les droits des enfants, je suis aussi psychologue, formatrice et conf\u00e9renci\u00e8re en accompagnement bienveillant des enfants. J&rsquo;ai \u00e0 c\u0153ur de politiser la question de l&rsquo;Enfance et je d\u00e9fends la libert\u00e9 \u00e9ducative n\u00e9cessaire pour s&rsquo;adapter aux besoins des enfants et \u00e0 leurs rythmes de d\u00e9veloppement.<br>La cl\u00e9 d&rsquo;un v\u00e9ritable changement de soci\u00e9t\u00e9 passe par le regard que nous portons sur les enfants et la place que nous leur donnons dans la soci\u00e9t\u00e9 !<\/p>\n\n\n\n<hr class=\"wp-block-separator\"\/>\n\n\n\n<div class=\"wp-block-image is-style-default\"><figure class=\"aligncenter size-large is-resized\"><img loading=\"lazy\" src=\"https:\/\/les-egle.fr\/wp-content\/uploads\/2020\/11\/20201110_093524-1-767x1024.jpg\" alt=\"\" class=\"wp-image-501\" width=\"202\" height=\"270\" srcset=\"https:\/\/lesegles.org\/wp-content\/uploads\/2020\/11\/20201110_093524-1-767x1024.jpg 767w, https:\/\/lesegles.org\/wp-content\/uploads\/2020\/11\/20201110_093524-1-225x300.jpg 225w, https:\/\/lesegles.org\/wp-content\/uploads\/2020\/11\/20201110_093524-1-768x1025.jpg 768w, https:\/\/lesegles.org\/wp-content\/uploads\/2020\/11\/20201110_093524-1.jpg 1080w\" sizes=\"(max-width: 202px) 100vw, 202px\" \/><figcaption><strong>Maja Mijailovic<\/strong><\/figcaption><\/figure><\/div>\n\n\n\n<p><strong>Maja Mijailovic <\/strong><br>Je suis accompagnante en parentalit\u00e9 et pr\u00e9sidente de l&rsquo;Institut de l&rsquo;Accompagnement Respectueux des Enfants IARE j&rsquo;aide les adultes dans la sph\u00e8re familiale et professionnelle \u00e0 accueillir l&rsquo;enfant de fa\u00e7on respectueuse de ses besoins et de son int\u00e9grit\u00e9 physique et psychoaffective. Je suis form\u00e9e en neurosciences \u00e0 l&rsquo;ARCHE et en d\u00e9veloppement de l&rsquo;enfant \u00e0 l&rsquo;Institut de Psychologie et Neurosciences. Maman de 2 enfants instruits \u00e0 l&rsquo;\u00e9cole, je suis aussi militante pour les droits des enfants et leur meilleure consid\u00e9ration au sein de notre soci\u00e9t\u00e9, membre de l&rsquo;Oveo (Observatoire des Violences Educatives Ordinaires) et du GRR\u00c9 Groupe de R\u00e9flexion et de Recherche en Education.<\/p>\n\n\n\n<hr class=\"wp-block-separator\"\/>\n\n\n\n<div class=\"wp-block-image\"><figure class=\"aligncenter size-large is-resized\"><img loading=\"lazy\" src=\"https:\/\/les-egle.fr\/wp-content\/uploads\/2020\/11\/photoartemia-768x1024.jpg\" alt=\"\" class=\"wp-image-258\" width=\"202\" height=\"269\" srcset=\"https:\/\/lesegles.org\/wp-content\/uploads\/2020\/11\/photoartemia-768x1024.jpg 768w, https:\/\/lesegles.org\/wp-content\/uploads\/2020\/11\/photoartemia-225x300.jpg 225w, https:\/\/lesegles.org\/wp-content\/uploads\/2020\/11\/photoartemia-1152x1536.jpg 1152w, https:\/\/lesegles.org\/wp-content\/uploads\/2020\/11\/photoartemia-1536x2048.jpg 1536w, https:\/\/lesegles.org\/wp-content\/uploads\/2020\/11\/photoartemia-scaled.jpg 1920w\" sizes=\"(max-width: 202px) 100vw, 202px\" \/><figcaption><strong>Christine Campini<\/strong><\/figcaption><\/figure><\/div>\n\n\n\n<p><strong>Christine Campini<\/strong><br>Chercheure associ\u00e9e au Lirtes, Paris-Est Cr\u00e9teil. Je me nomme Artemia. J&rsquo;ai \u00e9t\u00e9 une bonne \u00e9l\u00e8ve qui s&rsquo;est peu \u00e0 peu d\u00e9scolaris\u00e9e, d\u00e9\u00e7ue par l&rsquo;inculture et la discipline du lieu. Les lectures de Foucault et Illich ont fait le reste.&nbsp; Une fois maman j&rsquo;ai propos\u00e9 \u00e0 ma fille de vivre sans l&rsquo;\u00e9cole mais avec la vie. Mon parcours m&rsquo;a conduit \u00e0 une recherche universitaire sur la question de la nonsco comme r\u00e9ponse \u00e0 la servitude volontaire. J&rsquo;ai ainsi soutenu une th\u00e8se sur l&rsquo;\u00e9ducation r\u00e9ciproque parents-enfants. Si j&rsquo;ai montr\u00e9 \u00e0 cette occasion le pouvoir transformateur de l&rsquo;enfant aupr\u00e8s de parents en IEF,&nbsp; j&rsquo;y ai aussi appris par les professionnels des institutions et leurs discours n\u00e9gatifs sur leur m\u00e9tier \u00e0 quel point la critique de ce syst\u00e8me et la cr\u00e9ation d&rsquo;un autre avec les acteurs eux-m\u00eames \u00e9taient une n\u00e9cessit\u00e9 . D&rsquo;o\u00f9 ma pr\u00e9sence ici.<\/p>\n\n\n\n<hr class=\"wp-block-separator\"\/>\n\n\n\n<div class=\"wp-block-image\"><figure class=\"aligncenter size-large is-resized\"><img loading=\"lazy\" src=\"https:\/\/les-egle.fr\/wp-content\/uploads\/2020\/11\/img_20201101_203024-2-768x1024.jpg\" alt=\"\" class=\"wp-image-256\" width=\"203\" height=\"271\" srcset=\"https:\/\/lesegles.org\/wp-content\/uploads\/2020\/11\/img_20201101_203024-2-768x1024.jpg 768w, https:\/\/lesegles.org\/wp-content\/uploads\/2020\/11\/img_20201101_203024-2-225x300.jpg 225w, https:\/\/lesegles.org\/wp-content\/uploads\/2020\/11\/img_20201101_203024-2-1152x1536.jpg 1152w, https:\/\/lesegles.org\/wp-content\/uploads\/2020\/11\/img_20201101_203024-2-1536x2048.jpg 1536w, https:\/\/lesegles.org\/wp-content\/uploads\/2020\/11\/img_20201101_203024-2-scaled.jpg 1920w\" sizes=\"(max-width: 203px) 100vw, 203px\" \/><figcaption><strong>Victorine Meyers<\/strong><\/figcaption><\/figure><\/div>\n\n\n\n<p><strong>Victorine Meyers<\/strong><br>Je suis maman de C. 20 ans et A. 16 ans, tous les deux instruits hors \u00e9cole. \u00c9ditrice, r\u00e9dactrice, comptable, maquettiste, gameuse, tricoteuse, etc., j&rsquo;ai mis de longues ann\u00e9es \u00e0 apprendre \u00e0 vivre, faire, cr\u00e9er, \u00eatre, etc. En tant que maman, je me suis donn\u00e9e comme objectif de ne pas entraver mes enfants dans leurs \u00e9lans, besoins, envies ou plaisirs.<br>Il est important que la libert\u00e9 d&rsquo;\u00e9duquer nos enfants en dehors des institutions subsiste, pour eux, leurs enfants et tous ceux \u00e0 venir.<\/p>\n\n\n\n<hr class=\"wp-block-separator\"\/>\n\n\n\n<div class=\"wp-block-image is-style-default\"><figure class=\"aligncenter size-large is-resized\"><img loading=\"lazy\" src=\"https:\/\/les-egle.fr\/wp-content\/uploads\/2020\/11\/img_2347-768x1024.jpg\" alt=\"\" class=\"wp-image-443\" width=\"206\" height=\"275\" srcset=\"https:\/\/lesegles.org\/wp-content\/uploads\/2020\/11\/img_2347-768x1024.jpg 768w, https:\/\/lesegles.org\/wp-content\/uploads\/2020\/11\/img_2347-225x300.jpg 225w, https:\/\/lesegles.org\/wp-content\/uploads\/2020\/11\/img_2347-1152x1536.jpg 1152w, https:\/\/lesegles.org\/wp-content\/uploads\/2020\/11\/img_2347-1536x2048.jpg 1536w, https:\/\/lesegles.org\/wp-content\/uploads\/2020\/11\/img_2347-scaled.jpg 1920w\" sizes=\"(max-width: 206px) 100vw, 206px\" \/><figcaption><strong>Aurore Daspe<\/strong><\/figcaption><\/figure><\/div>\n\n\n\n<p><strong>Aurore Daspe<\/strong><br>Maman de 2 enfants de 6 ans et 3 ans, actuellement enceinte du 3\u00e8me pr\u00e9vu pour F\u00e9vrier. Mes filles sont actuellement scolaris\u00e9es. Nous avons fait ce choix aujourd&rsquo;hui dans le mesure o\u00f9 la porte de sortie reste ouverte si elles ne s&rsquo;y sentent pas bien. J&rsquo;ai particip\u00e9 \u00e0 plusieurs tentatives de cr\u00e9ations de Tiers Lieux pour favoriser l&rsquo;acc\u00e8s \u00e0 L&rsquo;IEF. A ces occasions j&rsquo;ai pu constater les grandes r\u00e9sistances au sein de notre soci\u00e9t\u00e9 face \u00e0 ce choix de vie bien m\u00e9connu, voire stigmatis\u00e9. Il me semble qu&rsquo;il est temps de nous r\u00e9v\u00e9ler au grand jour pour lever certaines incompr\u00e9hensions. Et si en plus nous permettons de faire \u00e9voluer le syst\u00e8me scolaire, ce serait magnifique !<\/p>\n\n\n\n<hr class=\"wp-block-separator\"\/>\n\n\n\n<div class=\"wp-block-image is-style-default\"><figure class=\"aligncenter size-large is-resized\"><img loading=\"lazy\" src=\"https:\/\/les-egle.fr\/wp-content\/uploads\/2020\/11\/khan_plage-san-rafael.jpg\" alt=\"\" class=\"wp-image-496\" width=\"207\" height=\"310\" srcset=\"https:\/\/lesegles.org\/wp-content\/uploads\/2020\/11\/khan_plage-san-rafael.jpg 600w, https:\/\/lesegles.org\/wp-content\/uploads\/2020\/11\/khan_plage-san-rafael-200x300.jpg 200w\" sizes=\"(max-width: 207px) 100vw, 207px\" \/><figcaption><strong>Khan Magne<\/strong><\/figcaption><\/figure><\/div>\n\n\n\n<p><strong>Khan Magne<\/strong><br>Entrepreneur conscient, j&rsquo;accompagne les entrepreneurs atypiques \u00e0 faire de leurs singularit\u00e9s une force pour cr\u00e9er un impact positif sur le monde. Papa d&rsquo;un gar\u00e7on de 21 mois, nous avons fait le choix avec ma compagne d&rsquo;opter pour une \u00e9ducation respectueuse et pour l&rsquo;IEF afin de lui apporter un cadre qui lui permette de d\u00e9velopper pleinement la conscience de soi, d&rsquo;autrui, l&#8217;empathie et l&rsquo;\u00e9coute de ses \u00e9motions.<br>J&rsquo;aspire \u00e0 un avenir o\u00f9 nous pouvons vivre de mani\u00e8re plus souveraine et harmonieuse.&nbsp;<em>\u00ab\u00a0Nous n&rsquo;h\u00e9ritons pas de la terre de nos parents, nous l&#8217;empruntons \u00e0 nos enfants\u00a0\u00bb Antoine de Saint-Exup\u00e9ry<\/em><\/p>\n\n\n\n<hr class=\"wp-block-separator\"\/>\n\n\n\n<div class=\"wp-block-image\"><figure class=\"aligncenter size-large is-resized\"><img loading=\"lazy\" src=\"https:\/\/les-egle.fr\/wp-content\/uploads\/2020\/11\/IMG_9245B-1005x1024.jpg\" alt=\"\" class=\"wp-image-278\" width=\"206\" height=\"210\" srcset=\"https:\/\/lesegles.org\/wp-content\/uploads\/2020\/11\/IMG_9245B-1005x1024.jpg 1005w, https:\/\/lesegles.org\/wp-content\/uploads\/2020\/11\/IMG_9245B-294x300.jpg 294w, https:\/\/lesegles.org\/wp-content\/uploads\/2020\/11\/IMG_9245B-768x783.jpg 768w, https:\/\/lesegles.org\/wp-content\/uploads\/2020\/11\/IMG_9245B.jpg 1134w\" sizes=\"(max-width: 206px) 100vw, 206px\" \/><figcaption><strong>Siu Kia<\/strong><\/figcaption><\/figure><\/div>\n\n\n\n<p><strong>Siu Kia<\/strong><br>Militant antiraciste, d\u00e9colonial, f\u00e9ministe et libertaire.<\/p>\n","protected":false},"excerpt":{"rendered":"<p>Les Etats G\u00e9n\u00e9raux de la Libert\u00e9 Educative sont avant tout un collectif de chercheurs, enseignants, journalistes, parents, usagers du syst\u00e8me \u00e9ducatif, membres de la soci\u00e9t\u00e9 civile. En voici quelques membres fondateurs : Daliborka Milovanovic\u00c9ditrice, journaliste, philosophe et maman de quatre gar\u00e7ons. St\u00e9phanie PollakC\u00f4t\u00e9 professionnel, j&rsquo;ai un parcours dans le spectacle vivant, l&rsquo;audiovisuel et l&rsquo;\u00e9v\u00e9nementiel. J&rsquo;ai &hellip; <\/p>\n<p class=\"link-more\"><a href=\"https:\/\/lesegles.org\/?p=264\" class=\"more-link\">Continuer la lecture<span class=\"screen-reader-text\"> de &laquo;&nbsp;Qui sommes-nous ?&nbsp;&raquo;<\/span><\/a><\/p>\n","protected":false},"author":2,"featured_media":0,"comment_status":"closed","ping_status":"open","sticky":false,"template":"","format":"standard","meta":[],"categories":[7],"tags":[],"_links":{"self":[{"href":"https:\/\/lesegles.org\/index.php?rest_route=\/wp\/v2\/posts\/264"}],"collection":[{"href":"https:\/\/lesegles.org\/index.php?rest_route=\/wp\/v2\/posts"}],"about":[{"href":"https:\/\/lesegles.org\/index.php?rest_route=\/wp\/v2\/types\/post"}],"author":[{"embeddable":true,"href":"https:\/\/lesegles.org\/index.php?rest_route=\/wp\/v2\/users\/2"}],"replies":[{"embeddable":true,"href":"https:\/\/lesegles.org\/index.php?rest_route=%2Fwp%2Fv2%2Fcomments&post=264"}],"version-history":[{"count":26,"href":"https:\/\/lesegles.org\/index.php?rest_route=\/wp\/v2\/posts\/264\/revisions"}],"predecessor-version":[{"id":536,"href":"https:\/\/lesegles.org\/index.php?rest_route=\/wp\/v2\/posts\/264\/revisions\/536"}],"wp:attachment":[{"href":"https:\/\/lesegles.org\/index.php?rest_route=%2Fwp%2Fv2%2Fmedia&parent=264"}],"wp:term":[{"taxonomy":"category","embeddable":true,"href":"https:\/\/lesegles.org\/index.php?rest_route=%2Fwp%2Fv2%2Fcategories&post=264"},{"taxonomy":"post_tag","embeddable":true,"href":"https:\/\/lesegles.org\/index.php?rest_route=%2Fwp%2Fv2%2Ftags&post=264"}],"curies":[{"name":"wp","href":"https:\/\/api.w.org\/{rel}","templated":true}]}}